{"id":5089,"date":"2014-06-30T18:48:09","date_gmt":"2014-06-30T18:48:09","guid":{"rendered":"https:\/\/www.emmacano.com\/unkategorisiert\/exposicionluz-en-hipocratia-en-el-centro-cultural-unicaja-de-cadiz\/"},"modified":"2023-09-21T11:42:11","modified_gmt":"2023-09-21T11:42:11","slug":"ausstellung-licht-in-der-heuchelei-im-kulturzentrum-unicaja-in-cadiz","status":"publish","type":"post","link":"https:\/\/www.emmacano.com\/de\/ausstellungen\/ausstellung-licht-in-der-heuchelei-im-kulturzentrum-unicaja-in-cadiz\/","title":{"rendered":"Ausstellung &#8222;Licht in der Heuchelei&#8220; im Kulturzentrum Unicaja in C\u00e1diz"},"content":{"rendered":"<div class=\"wpb-content-wrapper\"><p>[vc_row css=&#8220;.vc_custom_1657738453128{margin-bottom: 5px !important;}&#8220;][vc_column][vc_column_text]<\/p>\n<h2>Ausstellung &#8222;Luz en Hipocratia&#8220; in der Stiftung Unicaja<\/h2>\n<p>[\/vc_column_text][vc_column_text]<a href=\"https:\/\/www.emmacano.com\/exposiciones\/exposicionluz-en-hipocratia-en-el-centro-cultural-unicaja-de-cadiz\/attachment\/luz-hipocratia-unicaja-cadiz\/\" rel=\"attachment wp-att-4536\"><img decoding=\"async\" class=\"alignleft wp-image-4536 size-full\" src=\"https:\/\/www.emmacano.com\/wp-content\/uploads\/2014\/06\/Luz-hipocratia-unicaja-cadiz.jpg\" alt=\"\" width=\"944\" height=\"400\" srcset=\"https:\/\/www.emmacano.com\/wp-content\/uploads\/2014\/06\/Luz-hipocratia-unicaja-cadiz.jpg 944w, https:\/\/www.emmacano.com\/wp-content\/uploads\/2014\/06\/Luz-hipocratia-unicaja-cadiz-300x127.jpg 300w, https:\/\/www.emmacano.com\/wp-content\/uploads\/2014\/06\/Luz-hipocratia-unicaja-cadiz-768x325.jpg 768w\" sizes=\"(max-width: 944px) 100vw, 944px\" \/><\/a>[\/vc_column_text][\/vc_column][\/vc_row][vc_row][vc_column][vc_masonry_media_grid element_width=&#8220;3&#8243; grid_id=&#8220;vc_gid:1695296434161-dce46828-9d9d-2&#8243; include=&#8220;4543,4546,4549,4552,4555,4558,4561&#8243;][\/vc_column][\/vc_row][vc_row][vc_column][vc_column_text]<\/p>\n<h5><strong>Links zu Pressever\u00f6ffentlichungen:<\/strong><\/h5>\n<p><strong>EUROPAPRESS:<\/strong> <a href=\"http:\/\/www.europapress.es\/andalucia\/cultura-00621\/noticia-cadiz-cultura-unicaja-inaugura-centro-cultura-cadiz-exposicion-luz-hipocratia-emma-cano-20140403150254.html\u202c\" target=\"_blank\" rel=\"noopener\">Ausstellung im Kulturzentrum Unicaja<\/a><br \/>\n<strong>DIARIO DE C\u00c1DIZ:<\/strong> <a href=\"http:\/\/www.diariodecadiz.es\/article\/ocio\/1743985\/recorrido\/por\/la\/cara\/humana\/hospital.html\" target=\"_blank\" rel=\"noopener\"> Ein Rundgang durch das menschliche Gesicht eines Krankenhauses<\/a><br \/>\n<strong>DIARIO DE C\u00c1DIZ: <\/strong> <a href=\"http:\/\/www.diariodecadiz.es\/article\/ocio\/1743259\/arte\/para\/humanizar\/la\/vida\/diaria\/hospital\/cuc.html\" target=\"_blank\" rel=\"noopener\">Kunst zur Vermenschlichung des Krankenhausalltags<\/a>[\/vc_column_text][\/vc_column][\/vc_row]<\/p>\n<\/div>","protected":false},"excerpt":{"rendered":"<p>[vc_row css=&#8220;.vc_custom_1657738453128{margin-bottom: 5px !important;}&#8220;][vc_column][vc_column_text] Ausstellung &#8222;Luz en Hipocratia&#8220; in der Stiftung Unicaja [\/vc_column_text][vc_column_text][\/vc_column_text][\/vc_column][\/vc_row][vc_row][vc_column][vc_masonry_media_grid element_width=&#8220;3&#8243; grid_id=&#8220;vc_gid:1695296434161-dce46828-9d9d-2&#8243; include=&#8220;4543,4546,4549,4552,4555,4558,4561&#8243;][\/vc_column][\/vc_row][vc_row][vc_column][vc_column_text] Links zu Pressever\u00f6ffentlichungen: EUROPAPRESS: Ausstellung im Kulturzentrum Unicaja DIARIO DE C\u00c1DIZ: Ein Rundgang durch das menschliche Gesicht eines Krankenhauses DIARIO DE C\u00c1DIZ: Kunst zur Vermenschlichung des Krankenhausalltags[\/vc_column_text][\/vc_column][\/vc_row]<\/p>\n","protected":false},"author":1,"featured_media":4558,"comment_status":"closed","ping_status":"closed","sticky":false,"template":"","format":"standard","meta":{"footnotes":""},"categories":[65],"tags":[],"class_list":["post-5089","post","type-post","status-publish","format-standard","has-post-thumbnail","hentry","category-ausstellungen"],"_links":{"self":[{"href":"https:\/\/www.emmacano.com\/de\/wp-json\/wp\/v2\/posts\/5089","targetHints":{"allow":["GET"]}}],"collection":[{"href":"https:\/\/www.emmacano.com\/de\/wp-json\/wp\/v2\/posts"}],"about":[{"href":"https:\/\/www.emmacano.com\/de\/wp-json\/wp\/v2\/types\/post"}],"author":[{"embeddable":true,"href":"https:\/\/www.emmacano.com\/de\/wp-json\/wp\/v2\/users\/1"}],"replies":[{"embeddable":true,"href":"https:\/\/www.emmacano.com\/de\/wp-json\/wp\/v2\/comments?post=5089"}],"version-history":[{"count":0,"href":"https:\/\/www.emmacano.com\/de\/wp-json\/wp\/v2\/posts\/5089\/revisions"}],"wp:featuredmedia":[{"embeddable":true,"href":"https:\/\/www.emmacano.com\/de\/wp-json\/wp\/v2\/media\/4558"}],"wp:attachment":[{"href":"https:\/\/www.emmacano.com\/de\/wp-json\/wp\/v2\/media?parent=5089"}],"wp:term":[{"taxonomy":"category","embeddable":true,"href":"https:\/\/www.emmacano.com\/de\/wp-json\/wp\/v2\/categories?post=5089"},{"taxonomy":"post_tag","embeddable":true,"href":"https:\/\/www.emmacano.com\/de\/wp-json\/wp\/v2\/tags?post=5089"}],"curies":[{"name":"wp","href":"https:\/\/api.w.org\/{rel}","templated":true}]}}