{"id":5084,"date":"2014-07-01T16:37:40","date_gmt":"2014-07-01T16:37:40","guid":{"rendered":"https:\/\/www.emmacano.com\/unkategorisiert\/exposicion-luz-en-hipocratia-en-la-real-academia-nacional-de-medicina\/"},"modified":"2023-09-21T11:36:33","modified_gmt":"2023-09-21T11:36:33","slug":"ausstellung-licht-in-der-hipocratia-in-der-royal-national-academy-of-medicine","status":"publish","type":"post","link":"https:\/\/www.emmacano.com\/de\/ausstellungen\/ausstellung-licht-in-der-hipocratia-in-der-royal-national-academy-of-medicine\/","title":{"rendered":"Ausstellung &#8222;Licht in der Hipocratia&#8220; in der Royal National Academy of Medicine"},"content":{"rendered":"<div class=\"wpb-content-wrapper\"><p>[vc_row content_placement=&#8220;top&#8220;][vc_column][vc_column_text]<a href=\"https:\/\/www.emmacano.com\/portafolio\/luz-en-hipocratia\/attachment\/la-vida-en-la-mano\/\" rel=\"attachment wp-att-4045\"><img decoding=\"async\" class=\"alignnone wp-image-4069 size-full\" src=\"https:\/\/www.emmacano.com\/wp-content\/uploads\/2014\/06\/la-vida-en-la-mano.jpg\" alt=\"\" width=\"1024\" height=\"835\" srcset=\"https:\/\/www.emmacano.com\/wp-content\/uploads\/2014\/06\/la-vida-en-la-mano.jpg 1024w, https:\/\/www.emmacano.com\/wp-content\/uploads\/2014\/06\/la-vida-en-la-mano-300x245.jpg 300w, https:\/\/www.emmacano.com\/wp-content\/uploads\/2014\/06\/la-vida-en-la-mano-768x626.jpg 768w\" sizes=\"(max-width: 1024px) 100vw, 1024px\" \/><\/a>[\/vc_column_text][\/vc_column][\/vc_row][vc_row content_placement=&#8220;top&#8220;][vc_column][vc_empty_space][vc_column_text]<\/p>\n<blockquote>\n<h3>&#8222;\u00c4rzte und Krankenschwestern, die daran gew\u00f6hnt sind, das Elend der Menschen zu ber\u00fchren, gehen umher und geben Rezepte, Ratschl\u00e4ge, \u00fcbersch\u00fctten sie mit Z\u00e4rtlichkeit und Verst\u00e4ndnis. Sie sind in der Lage, die Liebe, zu der sie sich f\u00fcr die Menschheit bekennen, mit einer Art von Distanz zu verbinden, die sie vor der Ansteckung mit dem Schmerz der anderen sch\u00fctzt. Aber sie sind verzweifelt, sie leiden, sie h\u00e4ngen an ihren Patienten, mit denen sie manchmal eine echte Freundschaft aufbauen&#8220;.<\/h3>\n<\/blockquote>\n<p>[\/vc_column_text][vc_column_text]Dies sind die Worte der Malerin Emma Cano, die in der Royal National Academy of Medicine eine meisterhafte Ausstellung ihrer spezialisierten Arbeiten \u00fcber die Beziehung zwischen Arzt und Patient und die conditio humana ausstellt.[\/vc_column_text][vc_column_text]<\/p>\n<h3><strong>Die Ausstellung ist vom 14. Januar bis zum 21. Februar 2014 in der Royal National Academy of Medicine zu sehen.<\/strong><\/h3>\n<p>[\/vc_column_text][vc_row_inner][vc_column_inner width=&#8220;1\/4&#8243;][vc_btn title=&#8220;Link zur Seite&#8220; style=&#8220;custom&#8220; custom_background=&#8220;#968755&#8243; custom_text=&#8220;#ffffff&#8220; shape=&#8220;square&#8220; size=&#8220;lg&#8220; align=&#8220;left&#8220; link=&#8220;url:http%3A%2F%2Fwww.ranm.es%2Fnoticias%2F3644-exposicion-luz-en-hipocratia.html|title:Enlace%20a%20la%20p%C3%A1gina&#8220;][\/vc_column_inner][vc_column_inner width=&#8220;1\/4&#8243;][vc_btn title=&#8220;Presseerkl\u00e4rung&#8220; style=&#8220;custom&#8220; custom_background=&#8220;#968755&#8243; custom_text=&#8220;#ffffff&#8220; shape=&#8220;square&#8220; size=&#8220;lg&#8220; align=&#8220;left&#8220; i_icon_fontawesome=&#8220;fab fa-facebook-square&#8220; add_icon=&#8220;true&#8220; link=&#8220;url:http%3A%2F%2Fwww.ranm.es%2Farea-de-prensa%2F3641-la-academia-acoge-una-exposicion-pictorica-con-el-lado-mas-humano-de-los-hospitales.html|title:Nota%20de%20prensa&#8220;][\/vc_column_inner][vc_column_inner width=&#8220;1\/2&#8243;][vc_btn title=&#8220;Konferenz in der K\u00f6niglichen Nationalen Akademie f\u00fcr Medizin&#8220; style=&#8220;custom&#8220; custom_background=&#8220;#968755&#8243; custom_text=&#8220;#ffffff&#8220; shape=&#8220;square&#8220; size=&#8220;lg&#8220; align=&#8220;left&#8220; link=&#8220;url:https%3A%2F%2Fwww.ranm.tv%2Findex.php%2Fvideo%2F507%2Funa-experiencia-personal-de-la-enfermedad-desde-el-punto-de-vista-pict%25C3%25B3rico-%25C2%25B7-sesi%25C3%25B3n-cient%25C3%25ADfica-extraordinaria-en-torno-a-la-relaci%25C3%25B3n-m%25C3%25A9dico-enfermo-madrid-6-de-febrero-de-2014%2F|title:Conferencia%20en%20la%20Real%20Academia%20Nacional%20de%20Medicina&#8220;][\/vc_column_inner][\/vc_row_inner][vc_video link=&#8220;https:\/\/youtu.be\/GW6cArCxrHg&#8220;][vc_video link=&#8220;https:\/\/youtu.be\/fimxX6U0vWk&#8220;][\/vc_column][\/vc_row]<\/p>\n<\/div>","protected":false},"excerpt":{"rendered":"<p>[vc_row content_placement=&#8220;top&#8220;][vc_column][vc_column_text][\/vc_column_text][\/vc_column][\/vc_row][vc_row content_placement=&#8220;top&#8220;][vc_column][vc_empty_space][vc_column_text] &#8222;\u00c4rzte und Krankenschwestern, die daran gew\u00f6hnt sind, das Elend der Menschen zu ber\u00fchren, gehen umher und geben Rezepte, Ratschl\u00e4ge, \u00fcbersch\u00fctten sie mit Z\u00e4rtlichkeit und Verst\u00e4ndnis. Sie sind in der Lage, die Liebe, zu der sie sich f\u00fcr die Menschheit bekennen, mit einer Art von Distanz zu verbinden, die sie vor der Ansteckung [&hellip;]<\/p>\n","protected":false},"author":1,"featured_media":4071,"comment_status":"closed","ping_status":"closed","sticky":false,"template":"","format":"standard","meta":{"footnotes":""},"categories":[65],"tags":[],"class_list":["post-5084","post","type-post","status-publish","format-standard","has-post-thumbnail","hentry","category-ausstellungen"],"_links":{"self":[{"href":"https:\/\/www.emmacano.com\/de\/wp-json\/wp\/v2\/posts\/5084","targetHints":{"allow":["GET"]}}],"collection":[{"href":"https:\/\/www.emmacano.com\/de\/wp-json\/wp\/v2\/posts"}],"about":[{"href":"https:\/\/www.emmacano.com\/de\/wp-json\/wp\/v2\/types\/post"}],"author":[{"embeddable":true,"href":"https:\/\/www.emmacano.com\/de\/wp-json\/wp\/v2\/users\/1"}],"replies":[{"embeddable":true,"href":"https:\/\/www.emmacano.com\/de\/wp-json\/wp\/v2\/comments?post=5084"}],"version-history":[{"count":0,"href":"https:\/\/www.emmacano.com\/de\/wp-json\/wp\/v2\/posts\/5084\/revisions"}],"wp:featuredmedia":[{"embeddable":true,"href":"https:\/\/www.emmacano.com\/de\/wp-json\/wp\/v2\/media\/4071"}],"wp:attachment":[{"href":"https:\/\/www.emmacano.com\/de\/wp-json\/wp\/v2\/media?parent=5084"}],"wp:term":[{"taxonomy":"category","embeddable":true,"href":"https:\/\/www.emmacano.com\/de\/wp-json\/wp\/v2\/categories?post=5084"},{"taxonomy":"post_tag","embeddable":true,"href":"https:\/\/www.emmacano.com\/de\/wp-json\/wp\/v2\/tags?post=5084"}],"curies":[{"name":"wp","href":"https:\/\/api.w.org\/{rel}","templated":true}]}}