{"id":5073,"date":"2014-07-01T16:59:21","date_gmt":"2014-07-01T16:59:21","guid":{"rendered":"https:\/\/www.emmacano.com\/unkategorisiert\/exposicion-luz-en-hipocratia-en-el-palacio-del-conde-de-toreno-oviedo\/"},"modified":"2023-09-21T11:28:31","modified_gmt":"2023-09-21T11:28:31","slug":"ausstellung-licht-in-hipocratia-im-palacio-del-conde-de-toreno-oviedo","status":"publish","type":"post","link":"https:\/\/www.emmacano.com\/de\/ausstellungen\/ausstellung-licht-in-hipocratia-im-palacio-del-conde-de-toreno-oviedo\/","title":{"rendered":"Ausstellung &#8222;Licht in Hipocratia&#8220; im Palacio del Conde de Toreno, Oviedo"},"content":{"rendered":"<div class=\"wpb-content-wrapper\"><p>[vc_row content_placement=&#8220;top&#8220;][vc_column][vc_column_text]<a href=\"https:\/\/www.emmacano.com\/portafolio\/luz-en-hipocratia\/attachment\/un_angel_detalle\/\" rel=\"attachment wp-att-4045\"><img decoding=\"async\" class=\"alignleft wp-image-4045 size-full\" src=\"https:\/\/www.emmacano.com\/wp-content\/uploads\/2014\/06\/un_angel_detalle.jpg\" alt=\"\" width=\"1024\" height=\"679\" srcset=\"https:\/\/www.emmacano.com\/wp-content\/uploads\/2014\/06\/un_angel_detalle.jpg 1024w, https:\/\/www.emmacano.com\/wp-content\/uploads\/2014\/06\/un_angel_detalle-300x199.jpg 300w, https:\/\/www.emmacano.com\/wp-content\/uploads\/2014\/06\/un_angel_detalle-768x509.jpg 768w\" sizes=\"(max-width: 1024px) 100vw, 1024px\" \/><\/a>[\/vc_column_text][\/vc_column][\/vc_row][vc_row content_placement=&#8220;top&#8220;][vc_column][vc_empty_space][vc_column_text]<\/p>\n<h2>Ausstellung &#8222;Licht in Hipocratia&#8220; im Palacio del Conde de Toreno, Oviedo<\/h2>\n<p>[\/vc_column_text][vc_column_text]<\/p>\n<blockquote>\n<h3>\u201cLicht in Hipocratia\u201d, ein Portr\u00e4t der Menschlichkeit im Krankenhaus<\/h3>\n<\/blockquote>\n<p>[\/vc_column_text][vc_column_text]Als ich Salvador zuf\u00e4llig kennenlernte, h\u00e4tte ich mir nie vorstellen k\u00f6nnen, dass seine Freundschaft mir einen neuen Weg in der Malerei er\u00f6ffnen w\u00fcrde, noch dass ich die M\u00f6glichkeit haben w\u00fcrde, intensive und neue Erfahrungen zu machen, die mein Leben vielleicht f\u00fcr immer pr\u00e4gen w\u00fcrden. Sein Vorschlag war k\u00fchn: die menschliche Seite der Krankenh\u00e4user zu suchen und dann meine Eindr\u00fccke auf die Leinwand zu bringen. Er wollte, dass ich seine Augen bin, dass ich sehe, was er sieht und es interpretiere.[\/vc_column_text][vc_column_text]<\/p>\n<h3><strong>Die Ausstellung ist vom 3. bis 18. Oktober im Palacio del Conde de Toreno in Oviedo zu sehen.<\/strong><\/h3>\n<p>[\/vc_column_text][vc_row_inner][vc_column_inner width=&#8220;1\/4&#8243;][vc_btn title=&#8220;Siehe Periodismo Humano&#8220; style=&#8220;custom&#8220; custom_background=&#8220;#968755&#8243; custom_text=&#8220;#ffffff&#8220; shape=&#8220;square&#8220; size=&#8220;lg&#8220; align=&#8220;left&#8220; link=&#8220;url:http%3A%2F%2Fperiodismohumano.com%2Fculturas%2Fluz-en-hipocratia-retrato-de-la-humanidad-en-los-hospitales.html|title:Ver%20Periodismo%20Humano&#8220;][\/vc_column_inner][vc_column_inner width=&#8220;1\/4&#8243;][vc_btn title=&#8220;Auch auf Facebook&#8220; style=&#8220;custom&#8220; custom_background=&#8220;#968755&#8243; custom_text=&#8220;#ffffff&#8220; shape=&#8220;square&#8220; size=&#8220;lg&#8220; align=&#8220;left&#8220; i_icon_fontawesome=&#8220;fab fa-facebook-square&#8220; add_icon=&#8220;true&#8220; link=&#8220;url:https%3A%2F%2Fwww.facebook.com%2Fphoto.php%3Ffbid%3D10151896780918257%26set%3Da.470582043256.251126.137323703256%26type%3D1%26theater|title:Tambi%C3%A9n%20en%20Facebook&#8220;][\/vc_column_inner][vc_column_inner width=&#8220;1\/4&#8243;][\/vc_column_inner][vc_column_inner width=&#8220;1\/4&#8243;][\/vc_column_inner][\/vc_row_inner][vc_row_inner][vc_column_inner width=&#8220;1\/2&#8243;][vc_video link=&#8220;https:\/\/youtu.be\/euER4Y2LQkk&#8220;][\/vc_column_inner][vc_column_inner width=&#8220;1\/2&#8243;][vc_video link=&#8220;https:\/\/youtu.be\/oy2dIcHx0FI&#8220;][\/vc_column_inner][\/vc_row_inner][\/vc_column][\/vc_row]<\/p>\n<\/div>","protected":false},"excerpt":{"rendered":"<p>[vc_row content_placement=&#8220;top&#8220;][vc_column][vc_column_text][\/vc_column_text][\/vc_column][\/vc_row][vc_row content_placement=&#8220;top&#8220;][vc_column][vc_empty_space][vc_column_text] Ausstellung &#8222;Licht in Hipocratia&#8220; im Palacio del Conde de Toreno, Oviedo [\/vc_column_text][vc_column_text] \u201cLicht in Hipocratia\u201d, ein Portr\u00e4t der Menschlichkeit im Krankenhaus [\/vc_column_text][vc_column_text]Als ich Salvador zuf\u00e4llig kennenlernte, h\u00e4tte ich mir nie vorstellen k\u00f6nnen, dass seine Freundschaft mir einen neuen Weg in der Malerei er\u00f6ffnen w\u00fcrde, noch dass ich die M\u00f6glichkeit haben w\u00fcrde, intensive [&hellip;]<\/p>\n","protected":false},"author":1,"featured_media":4047,"comment_status":"closed","ping_status":"closed","sticky":false,"template":"","format":"standard","meta":{"footnotes":""},"categories":[65],"tags":[],"class_list":["post-5073","post","type-post","status-publish","format-standard","has-post-thumbnail","hentry","category-ausstellungen"],"_links":{"self":[{"href":"https:\/\/www.emmacano.com\/de\/wp-json\/wp\/v2\/posts\/5073","targetHints":{"allow":["GET"]}}],"collection":[{"href":"https:\/\/www.emmacano.com\/de\/wp-json\/wp\/v2\/posts"}],"about":[{"href":"https:\/\/www.emmacano.com\/de\/wp-json\/wp\/v2\/types\/post"}],"author":[{"embeddable":true,"href":"https:\/\/www.emmacano.com\/de\/wp-json\/wp\/v2\/users\/1"}],"replies":[{"embeddable":true,"href":"https:\/\/www.emmacano.com\/de\/wp-json\/wp\/v2\/comments?post=5073"}],"version-history":[{"count":0,"href":"https:\/\/www.emmacano.com\/de\/wp-json\/wp\/v2\/posts\/5073\/revisions"}],"wp:featuredmedia":[{"embeddable":true,"href":"https:\/\/www.emmacano.com\/de\/wp-json\/wp\/v2\/media\/4047"}],"wp:attachment":[{"href":"https:\/\/www.emmacano.com\/de\/wp-json\/wp\/v2\/media?parent=5073"}],"wp:term":[{"taxonomy":"category","embeddable":true,"href":"https:\/\/www.emmacano.com\/de\/wp-json\/wp\/v2\/categories?post=5073"},{"taxonomy":"post_tag","embeddable":true,"href":"https:\/\/www.emmacano.com\/de\/wp-json\/wp\/v2\/tags?post=5073"}],"curies":[{"name":"wp","href":"https:\/\/api.w.org\/{rel}","templated":true}]}}