{"id":5067,"date":"2015-10-05T01:27:17","date_gmt":"2015-10-05T01:27:17","guid":{"rendered":"https:\/\/www.emmacano.com\/unkategorisiert\/exposicion-color-dolor-y-amor-en-mangola-2015-en-mi-taller-de-palma-de-mallorca\/"},"modified":"2023-09-21T11:16:53","modified_gmt":"2023-09-21T11:16:53","slug":"ausstellung-farbe-schmerz-und-liebe-in-mangola-2015-in-meinem-atelier-in-palma-de-mallorca","status":"publish","type":"post","link":"https:\/\/www.emmacano.com\/de\/ausstellungen\/ausstellung-farbe-schmerz-und-liebe-in-mangola-2015-in-meinem-atelier-in-palma-de-mallorca\/","title":{"rendered":"Ausstellung &#8222;Farbe, Schmerz und Liebe in Mangola (2015)&#8220; in meinem Atelier in Palma de Mallorca."},"content":{"rendered":"<div class=\"wpb-content-wrapper\"><p>[vc_row][vc_column][vc_column_text]<\/p>\n<h4><span style=\"color: #808080;\">Erz\u00e4hlerisches Video \u00fcber die Geschichte hinter den Leinw\u00e4nden.<\/span><\/h4>\n<p>[\/vc_column_text][vc_video link=&#8220;https:\/\/www.youtube.com\/embed\/ofso64ZtbEk&#8220;][\/vc_column][\/vc_row][vc_row][vc_column][vc_column_text]<\/p>\n<h4><span style=\"color: #808080;\">Leinw\u00e4nde aus der Ausstellung.<\/span><\/h4>\n<p>[\/vc_column_text][vc_masonry_media_grid grid_id=&#8220;vc_gid:1657736800935-2aa40c4d-92fc-9&#8243; include=&#8220;3945,3923,3953,3950,3944,3941,3932,3929,3926,3920,3914,3911,3908,3938,3917,3935&#8243;][\/vc_column][\/vc_row]<\/p>\n<\/div>","protected":false},"excerpt":{"rendered":"<p>[vc_row][vc_column][vc_column_text] Erz\u00e4hlerisches Video \u00fcber die Geschichte hinter den Leinw\u00e4nden. [\/vc_column_text][vc_video link=&#8220;https:\/\/www.youtube.com\/embed\/ofso64ZtbEk&#8220;][\/vc_column][\/vc_row][vc_row][vc_column][vc_column_text] Leinw\u00e4nde aus der Ausstellung. [\/vc_column_text][vc_masonry_media_grid grid_id=&#8220;vc_gid:1657736800935-2aa40c4d-92fc-9&#8243; include=&#8220;3945,3923,3953,3950,3944,3941,3932,3929,3926,3920,3914,3911,3908,3938,3917,3935&#8243;][\/vc_column][\/vc_row]<\/p>\n","protected":false},"author":1,"featured_media":3831,"comment_status":"closed","ping_status":"closed","sticky":false,"template":"","format":"standard","meta":{"footnotes":""},"categories":[65],"tags":[],"class_list":["post-5067","post","type-post","status-publish","format-standard","has-post-thumbnail","hentry","category-ausstellungen"],"_links":{"self":[{"href":"https:\/\/www.emmacano.com\/de\/wp-json\/wp\/v2\/posts\/5067","targetHints":{"allow":["GET"]}}],"collection":[{"href":"https:\/\/www.emmacano.com\/de\/wp-json\/wp\/v2\/posts"}],"about":[{"href":"https:\/\/www.emmacano.com\/de\/wp-json\/wp\/v2\/types\/post"}],"author":[{"embeddable":true,"href":"https:\/\/www.emmacano.com\/de\/wp-json\/wp\/v2\/users\/1"}],"replies":[{"embeddable":true,"href":"https:\/\/www.emmacano.com\/de\/wp-json\/wp\/v2\/comments?post=5067"}],"version-history":[{"count":0,"href":"https:\/\/www.emmacano.com\/de\/wp-json\/wp\/v2\/posts\/5067\/revisions"}],"wp:featuredmedia":[{"embeddable":true,"href":"https:\/\/www.emmacano.com\/de\/wp-json\/wp\/v2\/media\/3831"}],"wp:attachment":[{"href":"https:\/\/www.emmacano.com\/de\/wp-json\/wp\/v2\/media?parent=5067"}],"wp:term":[{"taxonomy":"category","embeddable":true,"href":"https:\/\/www.emmacano.com\/de\/wp-json\/wp\/v2\/categories?post=5067"},{"taxonomy":"post_tag","embeddable":true,"href":"https:\/\/www.emmacano.com\/de\/wp-json\/wp\/v2\/tags?post=5067"}],"curies":[{"name":"wp","href":"https:\/\/api.w.org\/{rel}","templated":true}]}}